{"id":19350,"date":"2026-09-03T14:30:32","date_gmt":"2026-09-03T12:30:32","guid":{"rendered":"https:\/\/www.konectafoundation.org\/uncategorized\/webinar-impact-campus-webinar-preparando-talento-para-la-profesion-del-futuro\/"},"modified":"2026-09-03T17:54:08","modified_gmt":"2026-09-03T15:54:08","slug":"xxi-torneo-benefico-de-padel-de-konecta-foundation","status":"publish","type":"post","link":"https:\/\/www.konectafoundation.org\/es\/noticias\/xxi-torneo-benefico-de-padel-de-konecta-foundation\/","title":{"rendered":"M\u00e1s que un juego: \u00danete al XXI Torneo Ben\u00e9fico de P\u00e1del de Konecta Foundation"},"content":{"rendered":"<div class=\"wpb-content-wrapper\"><p>[vc_row][vc_column]<div class=\"templatera_shortcode\"><style type=\"text\/css\" data-type=\"vc_shortcodes-default-css\">.vc_do_btn{margin-bottom:22px;}<\/style><style type=\"text\/css\" data-type=\"vc_shortcodes-custom-css\">.vc_custom_1748270444735{margin-top: -35px !important;}.vc_custom_1747777264909{padding-top: 20px !important;}.vc_custom_1747756780025{padding-top: 2% !important;}.vc_custom_1750149406795{margin-bottom: -20px !important;padding-left: 5px !important;}<\/style><div data-vc-full-width=\"true\" data-vc-full-width-temp=\"true\" data-vc-full-width-init=\"false\" data-vc-stretch-content=\"true\" class=\"vc_row wpb_row vc_row-fluid migas vc_custom_1748270444735\"><div class=\"wpb_column vc_column_container vc_col-sm-12\"><div class=\"vc_column-inner\"><div class=\"wpb_wrapper\"><style type=\"text\/css\" data-type=\"the7_shortcodes-inline-css\">.dt-breadcrumbs-id-9da804bff0d0555290580ef1db1c9066 .breadcrumbs {\n  display: inline-block;\n  margin: 0;\n  padding: 0px 0px 2px 0px;\n  border: 0px solid ;\n  border-radius: 0px;\n}\n.dt-breadcrumbs-id-9da804bff0d0555290580ef1db1c9066 .breadcrumbs * {\n  font-size: 11px;\n  color: #000000;\n}<\/style><div class=\"dt-breadcrumbs-shortcode dt-breadcrumbs-id-9da804bff0d0555290580ef1db1c9066 align-left\"><div class=\"assistive-text\">Est\u00e1s aqu\u00ed:<\/div><ol class=\"breadcrumbs text-small\" itemscope itemtype=\"https:\/\/schema.org\/BreadcrumbList\"><li itemprop=\"itemListElement\" itemscope itemtype=\"https:\/\/schema.org\/ListItem\"><a itemprop=\"item\" href=\"https:\/\/www.konectafoundation.org\/es\/\" title=\"Inicio\"><span itemprop=\"name\">Inicio<\/span><\/a><meta itemprop=\"position\" content=\"1\" \/><\/li><\/ol><\/div><div class=\"vc_btn3-container  boton-volver vc_btn3-left vc_custom_1750149406795\" ><a onmouseleave=\"this.style.borderColor='#000000'; this.style.backgroundColor='transparent'; this.style.color='#000000'\" onmouseenter=\"this.style.borderColor='#000000'; this.style.backgroundColor='#000000'; this.style.color='#fff';\" style=\"border-color:#000000; color:#000000;\" class=\"vc_general vc_btn3 vc_btn3-size-xs vc_btn3-shape-round vc_btn3-style-outline-custom vc_btn3-icon-left\" href=\"https:\/\/www.konectafoundation.org\/news-insights\/\" title=\"\"><i class=\"vc_btn3-icon fa fa-solid fa-arrow-left\"><\/i> BACK<\/a><\/div><div class=\"ult-spacer spacer-6a9a6a9d08d58\" data-id=\"6a9a6a9d08d58\" data-height=\"26\" data-height-mobile=\"15\" data-height-tab=\"26\" data-height-tab-portrait=\"23\" data-height-mobile-landscape=\"15\" style=\"clear:both;display:block;\"><\/div>\n\t<div class=\"wpb_raw_code wpb_raw_html wpb_content_element\" >\n\t\t<div class=\"wpb_wrapper\">\n\t\t\t\n\t\t<\/div>\n\t<\/div>\n<\/div><\/div><\/div><\/div><div class=\"vc_row-full-width vc_clearfix\"><\/div><div class=\"vc_row wpb_row vc_row-fluid vc_custom_1747777264909 vc_row-o-content-middle vc_row-flex\"><div class=\"wpb_column vc_column_container vc_col-sm-9\"><div class=\"vc_column-inner\"><div class=\"wpb_wrapper\">\n\t<div class=\"wpb_raw_code wpb_raw_html wpb_content_element\" >\n\t\t<div class=\"wpb_wrapper\">\n\t\t\t<span><\/span>\r\n\r\n<span><span style=\"margin-left: 10px;\">3 SEPTIEMBRE, 2026<\/span><\/span>\r\n\n\t\t<\/div>\n\t<\/div>\n<\/div><\/div><\/div><div class=\"wpb_column vc_column_container vc_col-sm-3\"><div class=\"vc_column-inner\"><div class=\"wpb_wrapper\">\n\t<div class=\"wpb_raw_code wpb_raw_html wpb_content_element\" >\n\t\t<div class=\"wpb_wrapper\">\n\t\t\t<div style=\"margin-top: 15px; display: flex; align-items: center; gap: 10px;\"><strong style=\"margin-right: 5px;\">Share on:<\/strong><a href=\"https:\/\/www.facebook.com\/sharer\/sharer.php?u=https%3A%2F%2Fwww.konectafoundation.org%2Fes%2Fnoticias%2Fxxi-torneo-benefico-de-padel-de-konecta-foundation%2F\" \n                class=\"soc-icon soc-font-icon dt-icon-facebook\" \n                target=\"_blank\" \n                aria-label=\"Share on Facebook\"\n                style=\"display: inline-flex; align-items: center; justify-content: center; \n                   width: 26px; height: 26px; border-radius: 50%; color: white; \n                   font-size: 16px; text-decoration: none; transition: 0.3s ease; background-color: #3b5998;\">\n             <\/a><a href=\"https:\/\/twitter.com\/intent\/tweet?url=https%3A%2F%2Fwww.konectafoundation.org%2Fes%2Fnoticias%2Fxxi-torneo-benefico-de-padel-de-konecta-foundation%2F&text=M%C3%A1s+que+un+juego%3A+%C3%9Anete+al+XXI+Torneo+Ben%C3%A9fico+de+P%C3%A1del+de+Konecta+Foundation\" \n                class=\"soc-icon soc-font-icon dt-icon-twitter\" \n                target=\"_blank\" \n                aria-label=\"Share on Twitter\"\n                style=\"display: inline-flex; align-items: center; justify-content: center; \n                   width: 26px; height: 26px; border-radius: 50%; color: white; \n                   font-size: 16px; text-decoration: none; transition: 0.3s ease; background-color: #1da1f2;\">\n             <\/a><a href=\"https:\/\/www.linkedin.com\/shareArticle?mini=true&url=https%3A%2F%2Fwww.konectafoundation.org%2Fes%2Fnoticias%2Fxxi-torneo-benefico-de-padel-de-konecta-foundation%2F&title=M%C3%A1s+que+un+juego%3A+%C3%9Anete+al+XXI+Torneo+Ben%C3%A9fico+de+P%C3%A1del+de+Konecta+Foundation\" \n                class=\"soc-icon soc-font-icon dt-icon-linkedin\" \n                target=\"_blank\" \n                aria-label=\"Share on LinkedIn\"\n                style=\"display: inline-flex; align-items: center; justify-content: center; \n                   width: 26px; height: 26px; border-radius: 50%; color: white; \n                   font-size: 16px; text-decoration: none; transition: 0.3s ease; background-color: #0077b5;\">\n             <\/a><\/div>\r\n\n\t\t<\/div>\n\t<\/div>\n<\/div><\/div><\/div><\/div><div class=\"vc_row wpb_row vc_row-fluid vc_custom_1747756780025\"><div class=\"wpb_column vc_column_container vc_col-sm-12\"><div class=\"vc_column-inner\"><div class=\"wpb_wrapper\"><div class=\"vc_empty_space\"   style=\"height: 12px\"><span class=\"vc_empty_space_inner\"><\/span><\/div><div id=\"ultimate-heading-62596a9a6a9d0a78c\" class=\"uvc-heading ult-adjust-bottom-margin ultimate-heading-62596a9a6a9d0a78c uvc-5393 \" data-hspacer=\"no_spacer\"  data-halign=\"left\" style=\"text-align:left\"><div class=\"uvc-heading-spacer no_spacer\" style=\"top\"><\/div><div class=\"uvc-main-heading ult-responsive\"  data-ultimate-target='.uvc-heading.ultimate-heading-62596a9a6a9d0a78c h1'  data-responsive-json-new='{\"font-size\":\"desktop:28px;mobile_landscape:25px;\",\"line-height\":\"desktop:33px;mobile_landscape:30px;\"}' ><h1 style=\"--font-weight:theme;margin-bottom:30px;\">M\u00e1s que un juego: \u00danete al XXI Torneo Ben\u00e9fico de P\u00e1del de Konecta Foundation<\/h1><\/div><\/div>\n\t<div  class=\"wpb_single_image wpb_content_element vc_align_left\">\n\t\t\n\t\t<figure class=\"wpb_wrapper vc_figure\">\n\t\t\t<div class=\"vc_single_image-wrapper vc_box_rounded  vc_box_border_grey\"><img loading=\"lazy\" decoding=\"async\" width=\"1280\" height=\"854\" src=\"https:\/\/www.konectafoundation.org\/wp-content\/uploads\/2026\/03\/Bearideas-Template-Padel-Tournament-KF.webp\" class=\"vc_single_image-img attachment-full\" alt=\"\" title=\"Bearideas - Template Padel Tournament KF\" srcset=\"https:\/\/www.konectafoundation.org\/wp-content\/uploads\/2026\/03\/Bearideas-Template-Padel-Tournament-KF.webp 1280w, https:\/\/www.konectafoundation.org\/wp-content\/uploads\/2026\/03\/Bearideas-Template-Padel-Tournament-KF-300x200.webp 300w, https:\/\/www.konectafoundation.org\/wp-content\/uploads\/2026\/03\/Bearideas-Template-Padel-Tournament-KF-1024x683.webp 1024w, https:\/\/www.konectafoundation.org\/wp-content\/uploads\/2026\/03\/Bearideas-Template-Padel-Tournament-KF-768x512.webp 768w, https:\/\/www.konectafoundation.org\/wp-content\/uploads\/2026\/03\/Bearideas-Template-Padel-Tournament-KF-391x260.webp 391w\" sizes=\"auto, (max-width: 1280px) 100vw, 1280px\"  data-dt-location=\"https:\/\/www.konectafoundation.org\/es\/noticias\/xxi-torneo-benefico-de-padel-de-konecta-foundation\/attachment\/bearideas-template-padel-tournament-kf-2\/\" \/><\/div>\n\t\t<\/figure>\n\t<\/div>\n<\/div><\/div><\/div><\/div><\/div>[\/vc_column][\/vc_row][vc_row][vc_column][vc_column_text css=\u00bb\u00bb]Veintiuna ediciones. Innumerables partidos. Una \u00fanica e inquebrantable misi\u00f3n: transformar la pasi\u00f3n corporativa en un impacto social real.<\/p>\n<p>El XXI Torneo Ben\u00e9fico de P\u00e1del de Konecta Foundation regresa el viernes 25 de septiembre de 2026, reuniendo a jugadores, aficionados y colaboradores en el Club Deportivo Ciudad de la Raqueta de Madrid para disfrutar de una tarde inolvidable de esp\u00edritu deportivo y solidaridad.<\/p>\n<p>En esta edici\u00f3n, toda nuestra energ\u00eda estar\u00e1 dedicada a la Fundaci\u00f3n Luz\u00f3n, referente en la lucha contra la ELA. Canalizaremos cada gota de sudor en la pista para impulsar la investigaci\u00f3n cient\u00edfica y mejorar la atenci\u00f3n m\u00e9dica de quienes se enfrentan a esta desgarradora enfermedad[\/vc_column_text][\/vc_column][\/vc_row][vc_row][vc_column][vc_empty_space]<div id=\"ultimate-heading-57436a9a6a9d0b6ed\" class=\"uvc-heading ult-adjust-bottom-margin ultimate-heading-57436a9a6a9d0b6ed uvc-2558  uvc-heading-default-font-sizes\" data-hspacer=\"no_spacer\"  data-halign=\"left\" style=\"text-align:left\"><div class=\"uvc-heading-spacer no_spacer\" style=\"top\"><\/div><div class=\"uvc-main-heading ult-responsive\"  data-ultimate-target='.uvc-heading.ultimate-heading-57436a9a6a9d0b6ed h2'  data-responsive-json-new='{\"font-size\":\"\",\"line-height\":\"\"}' ><h2 style=\"--font-weight:theme;\">\u23f1\ufe0f Agenda del evento<\/h2><\/div><\/div>[vc_empty_space height=\u00bb15px\u00bb][vc_column_text css=\u00bb\u00bb]<\/p>\n<ul>\n<li>Lugar: Club Deportivo Ciudad de la Raqueta (Montecarmelo, Madrid)<\/li>\n<li>15:00 \u2013 20:00: Torneo deportivo<\/li>\n<li>20:15: Acto institucional, presentaci\u00f3n de la Fundaci\u00f3n Luz\u00f3n y entrega de trofeos<\/li>\n<li>20:45: C\u00f3ctel al atardecer y rifa solidaria<\/li>\n<\/ul>\n<p>[\/vc_column_text][vc_empty_space][\/vc_column][\/vc_row][vc_row][vc_column width=\u00bb2\/3&#8243;]<div id=\"ultimate-heading-84216a9a6a9d0b75b\" class=\"uvc-heading ult-adjust-bottom-margin ultimate-heading-84216a9a6a9d0b75b uvc-8562  uvc-heading-default-font-sizes\" data-hspacer=\"no_spacer\"  data-halign=\"left\" style=\"text-align:left\"><div class=\"uvc-heading-spacer no_spacer\" style=\"top\"><\/div><div class=\"uvc-main-heading ult-responsive\"  data-ultimate-target='.uvc-heading.ultimate-heading-84216a9a6a9d0b75b h2'  data-responsive-json-new='{\"font-size\":\"\",\"line-height\":\"\"}' ><h2 style=\"--font-weight:theme;\">Por qu\u00e9 jugamos por la Fundaci\u00f3n Luz\u00f3n<\/h2><\/div><\/div>[vc_empty_space height=\u00bb15px\u00bb][vc_column_text css=\u00bb\u00bb]<strong>El 100% de las cuotas de inscripci\u00f3n y donaciones<\/strong> se destinar\u00e1 \u00edntegramente a la Fundaci\u00f3n Luz\u00f3n. Al combinar la financiaci\u00f3n de la investigaci\u00f3n con el apoyo integral a los pacientes, la Fundaci\u00f3n Luz\u00f3n garantiza que las familias que se enfrentan a la ELA nunca tengan que recorrer este camino solas.<\/p>\n<p><strong>\u00a1Forma parte de esto!<\/strong>[\/vc_column_text][vc_single_image image=\u00bb19366&#8243; img_size=\u00bbmedium\u00bb alignment=\u00bbcenter\u00bb css=\u00bb\u00bb][\/vc_column][vc_column width=\u00bb1\/3&#8243; css=\u00bb.vc_custom_1750855934123{background-color: #F2F0EB !important;}\u00bb][vc_column_text css=\u00bb\u00bb]<\/p>\n<h3>\u00a1RESERVA LA FECHA!<\/h3>\n<p>\ud83d\udcc5 <strong data-start=\"168\" data-end=\"177\">Fecha:<\/strong> <span style=\"font-weight: 400;\">Viernes, 25 de septiembre de 2026<\/span><br data-start=\"208\" data-end=\"211\" \/>\u23f0 <strong data-start=\"213\" data-end=\"222\">Horario:<\/strong> De 15:00 h a 20:45 h aprox.<br data-start=\"295\" data-end=\"298\" data-is-only-node=\"\" \/>\ud83d\udccd <strong data-start=\"301\" data-end=\"314\">Ubicaci\u00f3n:<\/strong> Club Deportivo Ciudad de la Raqueta (Montecarmelo, Madrid)<br \/>\n<span style=\"font-weight: 400;\">\ud83d\udcc3 <strong>Reglamento del torneo (Enlace\/Adjunto)<br \/>\n<\/strong><\/span><span style=\"font-weight: 400;\">\ud83d\udcb2 <strong>Cuota de inscripci\u00f3n<\/strong>: \u20ac30 por persona<\/span>[\/vc_column_text][\/vc_column][\/vc_row][vc_row][vc_column][vc_empty_space][vc_column_text css=\u00bb\u00bb]Asegura tu plaza hoy mismo y contribuye activamente a encontrar soluciones contra la ELA.<\/p>\n<ul>\n<li><strong> Inscr\u00edbete completando el siguiente formulario<\/strong> \u2b07\ufe0f<\/li>\n<li><strong>Datos para transferencia bancaria<\/strong>: ES66 2100-4738-76-0200041552<\/li>\n<\/ul>\n<p>[\/vc_column_text][\/vc_column][\/vc_row][vc_row][vc_column][vc_empty_space][vc_raw_html css=\u00bb\u00bb]JTNDc2NyaXB0JTIwc3JjJTNEJTIyaHR0cHMlM0ElMkYlMkZqcy1ldTEuaHNmb3Jtcy5uZXQlMkZmb3JtcyUyRmVtYmVkJTJGMTQzMzI0ODA2LmpzJTIyJTIwZGVmZXIlM0UlM0MlMkZzY3JpcHQlM0UlMEElM0NkaXYlMjBjbGFzcyUzRCUyMmhzLWZvcm0tZnJhbWUlMjIlMjBkYXRhLXJlZ2lvbiUzRCUyMmV1MSUyMiUyMGRhdGEtZm9ybS1pZCUzRCUyMjM4OGQ0NzcwLTE0YjMtNDJlOC04YTQ5LTI1MTQ0NGZlNjYzOCUyMiUyMGRhdGEtcG9ydGFsLWlkJTNEJTIyMTQzMzI0ODA2JTIyJTNFJTNDJTJGZGl2JTNFJTBB[\/vc_raw_html][\/vc_column][\/vc_row]<\/p>\n<\/div>","protected":false},"excerpt":{"rendered":"<p>Est\u00e1s aqu\u00ed:Inicio BACK 3 SEPTIEMBRE, 2026 Share on: M\u00e1s que un juego: \u00danete al XXI Torneo Ben\u00e9fico de P\u00e1del de Konecta Foundation Veintiuna ediciones. Innumerables partidos. Una \u00fanica e inquebrantable misi\u00f3n: transformar la pasi\u00f3n corporativa en un impacto social real. El XXI Torneo Ben\u00e9fico de P\u00e1del de Konecta Foundation regresa el viernes 25 de septiembre&hellip;<\/p>\n","protected":false},"author":8,"featured_media":19362,"comment_status":"closed","ping_status":"open","sticky":false,"template":"","format":"standard","meta":{"footnotes":""},"categories":[101,53],"tags":[],"class_list":["post-19350","post","type-post","status-publish","format-standard","has-post-thumbnail","hentry","category-eventos-es","category-noticias","category-101","category-53","description-off"],"yoast_head":"<!-- This site is optimized with the Yoast SEO plugin v28.1 - https:\/\/yoast.com\/product\/yoast-seo-wordpress\/ -->\n<title>XXI Torneo Ben\u00e9fico de P\u00e1del de Konecta Foundation<\/title>\n<meta name=\"description\" content=\"\u00danete al XXI Torneo Ben\u00e9fico de P\u00e1del de Konecta Foundation el 25 de septiembre de 2026 en Madrid. El 100% recaudado ser\u00e1 para la Fundaci\u00f3n Luz\u00f3n.\" \/>\n<meta name=\"robots\" content=\"index, follow, max-snippet:-1, max-image-preview:large, max-video-preview:-1\" \/>\n<link rel=\"canonical\" href=\"https:\/\/www.konectafoundation.org\/es\/noticias\/xxi-torneo-benefico-de-padel-de-konecta-foundation\/\" \/>\n<meta property=\"og:locale\" content=\"es_ES\" \/>\n<meta property=\"og:type\" content=\"article\" \/>\n<meta property=\"og:title\" content=\"XXI Torneo Ben\u00e9fico de P\u00e1del de Konecta Foundation\" \/>\n<meta property=\"og:description\" content=\"\u00danete al XXI Torneo Ben\u00e9fico de P\u00e1del de Konecta Foundation el 25 de septiembre de 2026 en Madrid. El 100% recaudado ser\u00e1 para la Fundaci\u00f3n Luz\u00f3n.\" \/>\n<meta property=\"og:url\" content=\"https:\/\/www.konectafoundation.org\/es\/noticias\/xxi-torneo-benefico-de-padel-de-konecta-foundation\/\" \/>\n<meta property=\"og:site_name\" content=\"Konecta Foundation\" \/>\n<meta property=\"article:published_time\" content=\"2026-09-03T12:30:32+00:00\" \/>\n<meta property=\"article:modified_time\" content=\"2026-09-03T15:54:08+00:00\" \/>\n<meta property=\"og:image\" content=\"http:\/\/www.konectafoundation.org\/wp-content\/uploads\/2026\/03\/Bearideas-Template-Padel-Tournament-KF.webp\" \/>\n\t<meta property=\"og:image:width\" content=\"1280\" \/>\n\t<meta property=\"og:image:height\" content=\"854\" \/>\n\t<meta property=\"og:image:type\" content=\"image\/webp\" \/>\n<meta name=\"author\" content=\"Francesco Fossa\" \/>\n<meta name=\"twitter:card\" content=\"summary_large_image\" \/>\n<meta name=\"twitter:label1\" content=\"Escrito por\" \/>\n\t<meta name=\"twitter:data1\" content=\"Francesco Fossa\" \/>\n\t<meta name=\"twitter:label2\" content=\"Tiempo de lectura\" \/>\n\t<meta name=\"twitter:data2\" content=\"2 minutos\" \/>\n<script type=\"application\/ld+json\" class=\"yoast-schema-graph\">{\"@context\":\"https:\\\/\\\/schema.org\",\"@graph\":[{\"@type\":\"Article\",\"@id\":\"https:\\\/\\\/www.konectafoundation.org\\\/es\\\/noticias\\\/xxi-torneo-benefico-de-padel-de-konecta-foundation\\\/#article\",\"isPartOf\":{\"@id\":\"https:\\\/\\\/www.konectafoundation.org\\\/es\\\/noticias\\\/xxi-torneo-benefico-de-padel-de-konecta-foundation\\\/\"},\"author\":{\"name\":\"Francesco Fossa\",\"@id\":\"https:\\\/\\\/konectafoundation.org\\\/es\\\/#\\\/schema\\\/person\\\/870270f73c5c13708bb9ed1ffc889fb9\"},\"headline\":\"M\u00e1s que un juego: \u00danete al XXI Torneo Ben\u00e9fico de P\u00e1del de Konecta Foundation\",\"datePublished\":\"2026-09-03T12:30:32+00:00\",\"dateModified\":\"2026-09-03T15:54:08+00:00\",\"mainEntityOfPage\":{\"@id\":\"https:\\\/\\\/www.konectafoundation.org\\\/es\\\/noticias\\\/xxi-torneo-benefico-de-padel-de-konecta-foundation\\\/\"},\"wordCount\":489,\"image\":{\"@id\":\"https:\\\/\\\/www.konectafoundation.org\\\/es\\\/noticias\\\/xxi-torneo-benefico-de-padel-de-konecta-foundation\\\/#primaryimage\"},\"thumbnailUrl\":\"https:\\\/\\\/www.konectafoundation.org\\\/wp-content\\\/uploads\\\/2026\\\/03\\\/Bearideas-Template-Padel-Tournament-KF.webp\",\"articleSection\":[\"Eventos\",\"Noticias\"],\"inLanguage\":\"es\"},{\"@type\":\"WebPage\",\"@id\":\"https:\\\/\\\/www.konectafoundation.org\\\/es\\\/noticias\\\/xxi-torneo-benefico-de-padel-de-konecta-foundation\\\/\",\"url\":\"https:\\\/\\\/www.konectafoundation.org\\\/es\\\/noticias\\\/xxi-torneo-benefico-de-padel-de-konecta-foundation\\\/\",\"name\":\"XXI Torneo Ben\u00e9fico de P\u00e1del de Konecta Foundation\",\"isPartOf\":{\"@id\":\"https:\\\/\\\/konectafoundation.org\\\/es\\\/#website\"},\"primaryImageOfPage\":{\"@id\":\"https:\\\/\\\/www.konectafoundation.org\\\/es\\\/noticias\\\/xxi-torneo-benefico-de-padel-de-konecta-foundation\\\/#primaryimage\"},\"image\":{\"@id\":\"https:\\\/\\\/www.konectafoundation.org\\\/es\\\/noticias\\\/xxi-torneo-benefico-de-padel-de-konecta-foundation\\\/#primaryimage\"},\"thumbnailUrl\":\"https:\\\/\\\/www.konectafoundation.org\\\/wp-content\\\/uploads\\\/2026\\\/03\\\/Bearideas-Template-Padel-Tournament-KF.webp\",\"datePublished\":\"2026-09-03T12:30:32+00:00\",\"dateModified\":\"2026-09-03T15:54:08+00:00\",\"author\":{\"@id\":\"https:\\\/\\\/konectafoundation.org\\\/es\\\/#\\\/schema\\\/person\\\/870270f73c5c13708bb9ed1ffc889fb9\"},\"description\":\"\u00danete al XXI Torneo Ben\u00e9fico de P\u00e1del de Konecta Foundation el 25 de septiembre de 2026 en Madrid. El 100% recaudado ser\u00e1 para la Fundaci\u00f3n Luz\u00f3n.\",\"breadcrumb\":{\"@id\":\"https:\\\/\\\/www.konectafoundation.org\\\/es\\\/noticias\\\/xxi-torneo-benefico-de-padel-de-konecta-foundation\\\/#breadcrumb\"},\"inLanguage\":\"es\",\"potentialAction\":[{\"@type\":\"ReadAction\",\"target\":[\"https:\\\/\\\/www.konectafoundation.org\\\/es\\\/noticias\\\/xxi-torneo-benefico-de-padel-de-konecta-foundation\\\/\"]}]},{\"@type\":\"ImageObject\",\"inLanguage\":\"es\",\"@id\":\"https:\\\/\\\/www.konectafoundation.org\\\/es\\\/noticias\\\/xxi-torneo-benefico-de-padel-de-konecta-foundation\\\/#primaryimage\",\"url\":\"https:\\\/\\\/www.konectafoundation.org\\\/wp-content\\\/uploads\\\/2026\\\/03\\\/Bearideas-Template-Padel-Tournament-KF.webp\",\"contentUrl\":\"https:\\\/\\\/www.konectafoundation.org\\\/wp-content\\\/uploads\\\/2026\\\/03\\\/Bearideas-Template-Padel-Tournament-KF.webp\",\"width\":1280,\"height\":854},{\"@type\":\"BreadcrumbList\",\"@id\":\"https:\\\/\\\/www.konectafoundation.org\\\/es\\\/noticias\\\/xxi-torneo-benefico-de-padel-de-konecta-foundation\\\/#breadcrumb\",\"itemListElement\":[{\"@type\":\"ListItem\",\"position\":1,\"name\":\"Portada\",\"item\":\"https:\\\/\\\/konectafoundation.org\\\/es\\\/\"},{\"@type\":\"ListItem\",\"position\":2,\"name\":\"M\u00e1s que un juego: \u00danete al XXI Torneo Ben\u00e9fico de P\u00e1del de Konecta Foundation\"}]},{\"@type\":\"WebSite\",\"@id\":\"https:\\\/\\\/konectafoundation.org\\\/es\\\/#website\",\"url\":\"https:\\\/\\\/konectafoundation.org\\\/es\\\/\",\"name\":\"Konecta Foundation\",\"description\":\"\",\"potentialAction\":[{\"@type\":\"SearchAction\",\"target\":{\"@type\":\"EntryPoint\",\"urlTemplate\":\"https:\\\/\\\/konectafoundation.org\\\/es\\\/?s={search_term_string}\"},\"query-input\":{\"@type\":\"PropertyValueSpecification\",\"valueRequired\":true,\"valueName\":\"search_term_string\"}}],\"inLanguage\":\"es\"},{\"@type\":\"Person\",\"@id\":\"https:\\\/\\\/konectafoundation.org\\\/es\\\/#\\\/schema\\\/person\\\/870270f73c5c13708bb9ed1ffc889fb9\",\"name\":\"Francesco Fossa\",\"image\":{\"@type\":\"ImageObject\",\"inLanguage\":\"es\",\"@id\":\"https:\\\/\\\/secure.gravatar.com\\\/avatar\\\/33d6f9d0463d542fd0c405bc8d8248aa81f6b0416f9d9c9bb2b9f7cb27b4c4df?s=96&d=mm&r=g\",\"url\":\"https:\\\/\\\/secure.gravatar.com\\\/avatar\\\/33d6f9d0463d542fd0c405bc8d8248aa81f6b0416f9d9c9bb2b9f7cb27b4c4df?s=96&d=mm&r=g\",\"contentUrl\":\"https:\\\/\\\/secure.gravatar.com\\\/avatar\\\/33d6f9d0463d542fd0c405bc8d8248aa81f6b0416f9d9c9bb2b9f7cb27b4c4df?s=96&d=mm&r=g\",\"caption\":\"Francesco Fossa\"},\"url\":\"https:\\\/\\\/www.konectafoundation.org\\\/es\\\/author\\\/francesco\\\/\"}]}<\/script>\n<!-- \/ Yoast SEO plugin. -->","yoast_head_json":{"title":"XXI Torneo Ben\u00e9fico de P\u00e1del de Konecta Foundation","description":"\u00danete al XXI Torneo Ben\u00e9fico de P\u00e1del de Konecta Foundation el 25 de septiembre de 2026 en Madrid. El 100% recaudado ser\u00e1 para la Fundaci\u00f3n Luz\u00f3n.","robots":{"index":"index","follow":"follow","max-snippet":"max-snippet:-1","max-image-preview":"max-image-preview:large","max-video-preview":"max-video-preview:-1"},"canonical":"https:\/\/www.konectafoundation.org\/es\/noticias\/xxi-torneo-benefico-de-padel-de-konecta-foundation\/","og_locale":"es_ES","og_type":"article","og_title":"XXI Torneo Ben\u00e9fico de P\u00e1del de Konecta Foundation","og_description":"\u00danete al XXI Torneo Ben\u00e9fico de P\u00e1del de Konecta Foundation el 25 de septiembre de 2026 en Madrid. El 100% recaudado ser\u00e1 para la Fundaci\u00f3n Luz\u00f3n.","og_url":"https:\/\/www.konectafoundation.org\/es\/noticias\/xxi-torneo-benefico-de-padel-de-konecta-foundation\/","og_site_name":"Konecta Foundation","article_published_time":"2026-09-03T12:30:32+00:00","article_modified_time":"2026-09-03T15:54:08+00:00","og_image":[{"width":1280,"height":854,"url":"http:\/\/www.konectafoundation.org\/wp-content\/uploads\/2026\/03\/Bearideas-Template-Padel-Tournament-KF.webp","type":"image\/webp"}],"author":"Francesco Fossa","twitter_card":"summary_large_image","twitter_misc":{"Escrito por":"Francesco Fossa","Tiempo de lectura":"2 minutos"},"schema":{"@context":"https:\/\/schema.org","@graph":[{"@type":"Article","@id":"https:\/\/www.konectafoundation.org\/es\/noticias\/xxi-torneo-benefico-de-padel-de-konecta-foundation\/#article","isPartOf":{"@id":"https:\/\/www.konectafoundation.org\/es\/noticias\/xxi-torneo-benefico-de-padel-de-konecta-foundation\/"},"author":{"name":"Francesco Fossa","@id":"https:\/\/konectafoundation.org\/es\/#\/schema\/person\/870270f73c5c13708bb9ed1ffc889fb9"},"headline":"M\u00e1s que un juego: \u00danete al XXI Torneo Ben\u00e9fico de P\u00e1del de Konecta Foundation","datePublished":"2026-09-03T12:30:32+00:00","dateModified":"2026-09-03T15:54:08+00:00","mainEntityOfPage":{"@id":"https:\/\/www.konectafoundation.org\/es\/noticias\/xxi-torneo-benefico-de-padel-de-konecta-foundation\/"},"wordCount":489,"image":{"@id":"https:\/\/www.konectafoundation.org\/es\/noticias\/xxi-torneo-benefico-de-padel-de-konecta-foundation\/#primaryimage"},"thumbnailUrl":"https:\/\/www.konectafoundation.org\/wp-content\/uploads\/2026\/03\/Bearideas-Template-Padel-Tournament-KF.webp","articleSection":["Eventos","Noticias"],"inLanguage":"es"},{"@type":"WebPage","@id":"https:\/\/www.konectafoundation.org\/es\/noticias\/xxi-torneo-benefico-de-padel-de-konecta-foundation\/","url":"https:\/\/www.konectafoundation.org\/es\/noticias\/xxi-torneo-benefico-de-padel-de-konecta-foundation\/","name":"XXI Torneo Ben\u00e9fico de P\u00e1del de Konecta Foundation","isPartOf":{"@id":"https:\/\/konectafoundation.org\/es\/#website"},"primaryImageOfPage":{"@id":"https:\/\/www.konectafoundation.org\/es\/noticias\/xxi-torneo-benefico-de-padel-de-konecta-foundation\/#primaryimage"},"image":{"@id":"https:\/\/www.konectafoundation.org\/es\/noticias\/xxi-torneo-benefico-de-padel-de-konecta-foundation\/#primaryimage"},"thumbnailUrl":"https:\/\/www.konectafoundation.org\/wp-content\/uploads\/2026\/03\/Bearideas-Template-Padel-Tournament-KF.webp","datePublished":"2026-09-03T12:30:32+00:00","dateModified":"2026-09-03T15:54:08+00:00","author":{"@id":"https:\/\/konectafoundation.org\/es\/#\/schema\/person\/870270f73c5c13708bb9ed1ffc889fb9"},"description":"\u00danete al XXI Torneo Ben\u00e9fico de P\u00e1del de Konecta Foundation el 25 de septiembre de 2026 en Madrid. El 100% recaudado ser\u00e1 para la Fundaci\u00f3n Luz\u00f3n.","breadcrumb":{"@id":"https:\/\/www.konectafoundation.org\/es\/noticias\/xxi-torneo-benefico-de-padel-de-konecta-foundation\/#breadcrumb"},"inLanguage":"es","potentialAction":[{"@type":"ReadAction","target":["https:\/\/www.konectafoundation.org\/es\/noticias\/xxi-torneo-benefico-de-padel-de-konecta-foundation\/"]}]},{"@type":"ImageObject","inLanguage":"es","@id":"https:\/\/www.konectafoundation.org\/es\/noticias\/xxi-torneo-benefico-de-padel-de-konecta-foundation\/#primaryimage","url":"https:\/\/www.konectafoundation.org\/wp-content\/uploads\/2026\/03\/Bearideas-Template-Padel-Tournament-KF.webp","contentUrl":"https:\/\/www.konectafoundation.org\/wp-content\/uploads\/2026\/03\/Bearideas-Template-Padel-Tournament-KF.webp","width":1280,"height":854},{"@type":"BreadcrumbList","@id":"https:\/\/www.konectafoundation.org\/es\/noticias\/xxi-torneo-benefico-de-padel-de-konecta-foundation\/#breadcrumb","itemListElement":[{"@type":"ListItem","position":1,"name":"Portada","item":"https:\/\/konectafoundation.org\/es\/"},{"@type":"ListItem","position":2,"name":"M\u00e1s que un juego: \u00danete al XXI Torneo Ben\u00e9fico de P\u00e1del de Konecta Foundation"}]},{"@type":"WebSite","@id":"https:\/\/konectafoundation.org\/es\/#website","url":"https:\/\/konectafoundation.org\/es\/","name":"Konecta Foundation","description":"","potentialAction":[{"@type":"SearchAction","target":{"@type":"EntryPoint","urlTemplate":"https:\/\/konectafoundation.org\/es\/?s={search_term_string}"},"query-input":{"@type":"PropertyValueSpecification","valueRequired":true,"valueName":"search_term_string"}}],"inLanguage":"es"},{"@type":"Person","@id":"https:\/\/konectafoundation.org\/es\/#\/schema\/person\/870270f73c5c13708bb9ed1ffc889fb9","name":"Francesco Fossa","image":{"@type":"ImageObject","inLanguage":"es","@id":"https:\/\/secure.gravatar.com\/avatar\/33d6f9d0463d542fd0c405bc8d8248aa81f6b0416f9d9c9bb2b9f7cb27b4c4df?s=96&d=mm&r=g","url":"https:\/\/secure.gravatar.com\/avatar\/33d6f9d0463d542fd0c405bc8d8248aa81f6b0416f9d9c9bb2b9f7cb27b4c4df?s=96&d=mm&r=g","contentUrl":"https:\/\/secure.gravatar.com\/avatar\/33d6f9d0463d542fd0c405bc8d8248aa81f6b0416f9d9c9bb2b9f7cb27b4c4df?s=96&d=mm&r=g","caption":"Francesco Fossa"},"url":"https:\/\/www.konectafoundation.org\/es\/author\/francesco\/"}]}},"_links":{"self":[{"href":"https:\/\/www.konectafoundation.org\/es\/wp-json\/wp\/v2\/posts\/19350","targetHints":{"allow":["GET"]}}],"collection":[{"href":"https:\/\/www.konectafoundation.org\/es\/wp-json\/wp\/v2\/posts"}],"about":[{"href":"https:\/\/www.konectafoundation.org\/es\/wp-json\/wp\/v2\/types\/post"}],"author":[{"embeddable":true,"href":"https:\/\/www.konectafoundation.org\/es\/wp-json\/wp\/v2\/users\/8"}],"replies":[{"embeddable":true,"href":"https:\/\/www.konectafoundation.org\/es\/wp-json\/wp\/v2\/comments?post=19350"}],"version-history":[{"count":4,"href":"https:\/\/www.konectafoundation.org\/es\/wp-json\/wp\/v2\/posts\/19350\/revisions"}],"predecessor-version":[{"id":19375,"href":"https:\/\/www.konectafoundation.org\/es\/wp-json\/wp\/v2\/posts\/19350\/revisions\/19375"}],"wp:featuredmedia":[{"embeddable":true,"href":"https:\/\/www.konectafoundation.org\/es\/wp-json\/wp\/v2\/media\/19362"}],"wp:attachment":[{"href":"https:\/\/www.konectafoundation.org\/es\/wp-json\/wp\/v2\/media?parent=19350"}],"wp:term":[{"taxonomy":"category","embeddable":true,"href":"https:\/\/www.konectafoundation.org\/es\/wp-json\/wp\/v2\/categories?post=19350"},{"taxonomy":"post_tag","embeddable":true,"href":"https:\/\/www.konectafoundation.org\/es\/wp-json\/wp\/v2\/tags?post=19350"}],"curies":[{"name":"wp","href":"https:\/\/api.w.org\/{rel}","templated":true}]}}